{"id":98,"date":"2015-03-13T10:11:28","date_gmt":"2015-03-13T10:11:28","guid":{"rendered":"https:\/\/ordizia.net\/?p=98"},"modified":"2015-03-16T10:12:27","modified_gmt":"2015-03-16T10:12:27","slug":"esacta-ii-asamblea-abierta","status":"publish","type":"post","link":"https:\/\/ordizia.net\/eu\/esacta-ii-asamblea-abierta\/","title":{"rendered":"(Castellano) Acta II Asamblea Abierta"},"content":{"rendered":"<p style=\"text-align: justify;\">El doce de marzo 2015 se llev\u00f3 a cabo en el Palacio Barrena de Ordizia, la <strong>II Asamblea Abierta<\/strong> de <strong>IRABAZI-Ganemos Ordizia<\/strong>. Al igual que en las anteriores asambleas, la misma transcurri\u00f3 en un \u00e1mbito plural, abierto, democr\u00e1tico y de transparencia que son valores fundamentales para <strong>IRABAZI-Ganemos Ordizia<\/strong>.<\/p>\n<p style=\"text-align: justify;\">A continuaci\u00f3n se recoge el desarrollo de la <strong>II Asamblea Abierta<\/strong> de <strong>IRABAZI-Ganemos Ordizia<\/strong>, as\u00ed como las diferentes decisiones que se tomaron durante la misma:<\/p>\n<ul style=\"text-align: justify;\">\n<li>Ante la incorporaci\u00f3n de un grupo significativo de irabazikides se realiz\u00f3 una breve presentaci\u00f3n personal de los asistentes.<\/li>\n<li>Se llev\u00f3 a cabo la lectura del acta de la<strong> I Asamblea Abierta<\/strong> de <strong>IRABAZI-Ganemos Ordizia<\/strong>, debido a que hubo irabazikides que no pudieron tener acceso a la misma, y se ratific\u00f3 sin ninguna oposici\u00f3n.<\/li>\n<li>Se present\u00f3 a los nuevos asistentes a la asamblea la iniciativa social y pol\u00edtica que encarna <strong>IRABAZI-Ganemos Ordizia<\/strong>, as\u00ed como en el contexto estatal en el que se engloba. Igualmente, se quiso hacer hincapi\u00e9, sobre todo a los nuevos irabazikides, de la completa autonom\u00eda e independencia con la que se va a desarrollar <strong>IRABAZI-Ganemos Ordizia <\/strong>y que es \u00fanicamente la asamblea la que tiene la capacidad de decisi\u00f3n.<\/li>\n<li>Presentaci\u00f3n de las tareas realizadas.<\/li>\n<li>Se presenta el apoyo de los independientes del c\u00edrculo de Podemos-Ahal Dugu Ordizia a <strong>IRABAZI-Ganemos Ordizia<\/strong>, y su importancia a la hora de crear un frente com\u00fan fuerte de izquierdas y con capacidad de decidir estrat\u00e9gicamente en Ordizia.<\/li>\n<li>Se debate la visibilidad que deben tener los partidos que apoyan la iniciativa de <strong>IRABAZI-Ganemos Ordizia <\/strong>(Ezker Anitza-Izquierda Unida, Equo, Alternativa Republicana e independientes del c\u00edrculo de Podemos-Ahal Dugu Ordizia) durante todo el proceso.<\/li>\n<li><\/li>\n<li>Se votan tres opciones acerca de la aparici\u00f3n de los anagramas de los partidos junto a la marca de <strong>IRABAZI-Ganemos Ordizia <\/strong>en los documentos, notas de prensa,\u2026etc que puedan realizarse.<\/li>\n<\/ul>\n<ol style=\"text-align: justify;\">\n<li>Solo marca <strong>IRABAZI-Ganemos Ordizia<\/strong>, votos a favor<strong> 4<\/strong>.<\/li>\n<li>Marca <strong>IRABAZI-Ganemos Ordizia <\/strong>junto con los anagramas de lso diferentes partidos y la denominaci\u00f3n de independientes, votos a favor <strong>16<\/strong>.<\/li>\n<li>Abstenciones, <strong>0<\/strong> votos.<\/li>\n<\/ol>\n<p style=\"text-align: justify;\">Luego se aprueba la segunda opci\u00f3n.<\/p>\n<p style=\"text-align: justify;\">\n<ul style=\"text-align: justify;\">\n<ul>\n<li>Otros: pese a que se encontraba dentro de los puntos del d\u00eda se decide posponer la votaci\u00f3n del Reglamento Interno y la presentaci\u00f3n del calendario de fechas clave de aqu\u00ed a las elecciones municipales de mayo para la pr\u00f3xima asamblea.<\/li>\n<\/ul>\n<\/ul>\n<ul style=\"text-align: justify;\">\n<li><b><strong><span style=\"text-decoration: underline;\">Tareas<\/span><\/strong><\/b><\/li>\n<\/ul>\n<p style=\"text-align: justify;\">\n<ul>\n<li style=\"text-align: justify;\">Redactar nota de prensa, Carlos Astiz la redacta, Diego traduce, Marijose la difunde a los medios.<\/li>\n<li style=\"text-align: justify;\">Se establece un calendario de asambleas de marca <strong>IRABAZI-Ganemos Ordizia <\/strong>para los siguientes d\u00edas: martes 17 de marzo, martes 24 de marzo y martes 31 de marzo a las 19:00 en la sala <strong>7<\/strong> del palacio Barrena de Ordizia.<\/li>\n<li style=\"text-align: justify;\">Nuevos logos y carteles: Carlos los dise\u00f1a.<\/li>\n<li style=\"text-align: justify;\">Pegada de carteles, todos los irabazikides<\/li>\n<li style=\"text-align: justify;\">Buscar gente comprometida para que se anime a participar y tomar parte en las candidaturas de <strong>IRABAZI-Ganemos Ordizia<\/strong>, todos los irabazikides.<\/li>\n<\/ul>\n","protected":false},"excerpt":{"rendered":"<p>El doce de marzo 2015 se llev\u00f3 a cabo en el Palacio Barrena de Ordizia, la II Asamblea Abierta de IRABAZI-Ganemos Ordizia. Al igual que en las anteriores asambleas, la misma transcurri\u00f3 en un \u00e1mbito plural, abierto, democr\u00e1tico y de transparencia que son valores fundamentales para IRABAZI-Ganemos Ordizia. A continuaci\u00f3n se recoge el desarrollo de [&hellip;]<\/p>\n","protected":false},"author":1,"featured_media":0,"comment_status":"open","ping_status":"closed","sticky":false,"template":"","format":"standard","meta":{"_et_pb_use_builder":"","_et_pb_old_content":"","_et_gb_content_width":"","jetpack_post_was_ever_published":false,"_jetpack_newsletter_access":"","_jetpack_dont_email_post_to_subs":false,"_jetpack_newsletter_tier_id":0,"_jetpack_memberships_contains_paywalled_content":false,"_jetpack_memberships_contains_paid_content":false,"footnotes":"","jetpack_publicize_message":"","jetpack_publicize_feature_enabled":true,"jetpack_social_post_already_shared":true,"jetpack_social_options":{"image_generator_settings":{"template":"highway","default_image_id":0,"font":"","enabled":false},"version":2}},"categories":[1],"tags":[],"class_list":["post-98","post","type-post","status-publish","format-standard","hentry","category-ordizia"],"aioseo_notices":[],"jetpack_publicize_connections":[],"jetpack_featured_media_url":"","jetpack_sharing_enabled":true,"jetpack_shortlink":"https:\/\/wp.me\/p5KinQ-1A","jetpack_likes_enabled":false,"jetpack-related-posts":[],"_links":{"self":[{"href":"https:\/\/ordizia.net\/eu\/wp-json\/wp\/v2\/posts\/98","targetHints":{"allow":["GET"]}}],"collection":[{"href":"https:\/\/ordizia.net\/eu\/wp-json\/wp\/v2\/posts"}],"about":[{"href":"https:\/\/ordizia.net\/eu\/wp-json\/wp\/v2\/types\/post"}],"author":[{"embeddable":true,"href":"https:\/\/ordizia.net\/eu\/wp-json\/wp\/v2\/users\/1"}],"replies":[{"embeddable":true,"href":"https:\/\/ordizia.net\/eu\/wp-json\/wp\/v2\/comments?post=98"}],"version-history":[{"count":2,"href":"https:\/\/ordizia.net\/eu\/wp-json\/wp\/v2\/posts\/98\/revisions"}],"predecessor-version":[{"id":100,"href":"https:\/\/ordizia.net\/eu\/wp-json\/wp\/v2\/posts\/98\/revisions\/100"}],"wp:attachment":[{"href":"https:\/\/ordizia.net\/eu\/wp-json\/wp\/v2\/media?parent=98"}],"wp:term":[{"taxonomy":"category","embeddable":true,"href":"https:\/\/ordizia.net\/eu\/wp-json\/wp\/v2\/categories?post=98"},{"taxonomy":"post_tag","embeddable":true,"href":"https:\/\/ordizia.net\/eu\/wp-json\/wp\/v2\/tags?post=98"}],"curies":[{"name":"wp","href":"https:\/\/api.w.org\/{rel}","templated":true}]}}