{"id":94,"date":"2015-03-10T11:39:45","date_gmt":"2015-03-10T11:39:45","guid":{"rendered":"https:\/\/ordizia.net\/?p=94"},"modified":"2015-03-10T12:41:16","modified_gmt":"2015-03-10T12:41:16","slug":"acuerdo-podemos-e-irabazi-en-ordizia","status":"publish","type":"post","link":"https:\/\/ordizia.net\/eu\/acuerdo-podemos-e-irabazi-en-ordizia\/","title":{"rendered":"Acuerdo Podemos e Irabazi en Ordizia"},"content":{"rendered":"<p><strong><span style=\"text-decoration: underline;\">INDEPENDIENTES DE PODEMOS E IRABAZI-GANEMOS DE ORDIZIA SE UNEN PARA GANAR Y DECIDIR UN NUEVO RUMBO PARA ORDIZIA.<\/span><\/strong><\/p>\n<p style=\"text-align: justify;\">Despu\u00e9s de varias reuniones, independientes de PODEMOS ORDIZIA y representantes de IRABAZIA-GANEMOS de Ordizia han decidido convocar una ASAMBLEA ABIERTA a todos los y las ordiziarras que consideren que hay que cambiar Ordizia sobre las bases de la transparencia, la participaci\u00f3n ciudadana y con pol\u00edticas de car\u00e1cter social.<\/p>\n<p style=\"text-align: justify;\">El pr\u00f3ximo jueves, d\u00eda 12 de marzo, a las 19h en el PALACIO BARRENA, se reunir\u00e1n para avanzar en la constituci\u00f3n de un proyecto alternativo que elabore un programa pol\u00edtico que transforme profundamente Ordizia.<\/p>\n<p style=\"text-align: justify;\">Partiendo de que lo primero que hay que hacer para cambiar las cosas, es cambiar las personas que ejercen la pol\u00edtica en nuestro pueblo, preparan una candidatura de personas comprometidas que renueven profundamente las formas y el fondo de la actividad municipal.<\/p>\n<p style=\"text-align: justify;\">Esos candidatos deber\u00e1n en primer lugar firmar un c\u00f3digo \u00e9tico riguroso y en segundo lugar aceptar la revocabilidad inmediata en los pr\u00f3ximos cuatro a\u00f1os, si as\u00ed lo decide la asamblea convocada al efecto.<\/p>\n<p style=\"text-align: justify;\">En la asamblea abierta avanzaran en la elaboraci\u00f3n del programa y en la organizaci\u00f3n del trabajo interno y externo de los pr\u00f3ximos meses.<\/p>\n<p style=\"text-align: justify;\">Este proyecto nace con vocaci\u00f3n de ganar y por tanto gobernar Ordizia, y de lo que est\u00e1n seguros es de que van a decidir y definir la pol\u00edtica del que quiera gobernar nuestro pueblo, por eso invitan a la gente con inquietudes, con ideas, con intenci\u00f3n de comprometerse con los cambios a que asistan el jueves a las 19 horas.<\/p>\n<p style=\"text-align: right;\">En Ordizia a 9 de marzo de 2015<\/p>\n","protected":false},"excerpt":{"rendered":"<p>INDEPENDIENTES DE PODEMOS E IRABAZI-GANEMOS DE ORDIZIA SE UNEN PARA GANAR Y DECIDIR UN NUEVO RUMBO PARA ORDIZIA. Despu\u00e9s de varias reuniones, independientes de PODEMOS ORDIZIA y representantes de IRABAZIA-GANEMOS de Ordizia han decidido convocar una ASAMBLEA ABIERTA a todos los y las ordiziarras que consideren que hay que cambiar Ordizia sobre las bases de [&hellip;]<\/p>\n","protected":false},"author":1,"featured_media":0,"comment_status":"open","ping_status":"closed","sticky":false,"template":"","format":"standard","meta":{"_et_pb_use_builder":"","_et_pb_old_content":"","_et_gb_content_width":"","jetpack_post_was_ever_published":false,"_jetpack_newsletter_access":"","_jetpack_dont_email_post_to_subs":false,"_jetpack_newsletter_tier_id":0,"_jetpack_memberships_contains_paywalled_content":false,"_jetpack_memberships_contains_paid_content":false,"footnotes":"","jetpack_publicize_message":"","jetpack_publicize_feature_enabled":true,"jetpack_social_post_already_shared":true,"jetpack_social_options":{"image_generator_settings":{"template":"highway","default_image_id":0,"font":"","enabled":false},"version":2}},"categories":[1],"tags":[],"class_list":["post-94","post","type-post","status-publish","format-standard","hentry","category-ordizia"],"aioseo_notices":[],"jetpack_publicize_connections":[],"jetpack_featured_media_url":"","jetpack_sharing_enabled":true,"jetpack_shortlink":"https:\/\/wp.me\/p5KinQ-1w","jetpack_likes_enabled":false,"jetpack-related-posts":[],"_links":{"self":[{"href":"https:\/\/ordizia.net\/eu\/wp-json\/wp\/v2\/posts\/94","targetHints":{"allow":["GET"]}}],"collection":[{"href":"https:\/\/ordizia.net\/eu\/wp-json\/wp\/v2\/posts"}],"about":[{"href":"https:\/\/ordizia.net\/eu\/wp-json\/wp\/v2\/types\/post"}],"author":[{"embeddable":true,"href":"https:\/\/ordizia.net\/eu\/wp-json\/wp\/v2\/users\/1"}],"replies":[{"embeddable":true,"href":"https:\/\/ordizia.net\/eu\/wp-json\/wp\/v2\/comments?post=94"}],"version-history":[{"count":2,"href":"https:\/\/ordizia.net\/eu\/wp-json\/wp\/v2\/posts\/94\/revisions"}],"predecessor-version":[{"id":96,"href":"https:\/\/ordizia.net\/eu\/wp-json\/wp\/v2\/posts\/94\/revisions\/96"}],"wp:attachment":[{"href":"https:\/\/ordizia.net\/eu\/wp-json\/wp\/v2\/media?parent=94"}],"wp:term":[{"taxonomy":"category","embeddable":true,"href":"https:\/\/ordizia.net\/eu\/wp-json\/wp\/v2\/categories?post=94"},{"taxonomy":"post_tag","embeddable":true,"href":"https:\/\/ordizia.net\/eu\/wp-json\/wp\/v2\/tags?post=94"}],"curies":[{"name":"wp","href":"https:\/\/api.w.org\/{rel}","templated":true}]}}