{"id":37,"date":"2015-02-12T16:52:05","date_gmt":"2015-02-12T16:52:05","guid":{"rendered":"https:\/\/ordizia.net\/?p=37"},"modified":"2015-02-16T09:53:17","modified_gmt":"2015-02-16T09:53:17","slug":"acta-asamblea-constituyente","status":"publish","type":"post","link":"https:\/\/ordizia.net\/eu\/acta-asamblea-constituyente\/","title":{"rendered":"Acta, ASAMBLEA CONSTITUYENTE"},"content":{"rendered":"<p style=\"text-align: justify;\">El once de febrero de 2015 se llev\u00f3 a cabo en el Palacio Barrena de Ordizia, la constituci\u00f3n mediante asamblea de la plataforma social y pol\u00edtica <strong>IRABAZI-Ganemos Ordizia<\/strong> con el fin de aunar las fuerzas de izquierda alternativa en Ordizia.<\/p>\n<p style=\"text-align: justify;\">Dicho proceso se engloba dentro del movimiento que a nivel estatal, en Ganemos, y a nivel auton\u00f3mico, en los distintos Irabazi-Ganemos locales (Bilbao, Irun, San Sebastian-Donostia, Eibar, Portugalete, Bergara, Llodio,\u2026etc), se han constituido, o se est\u00e1n constituyendo, para derrocar democr\u00e1ticamente y con la fuerza popular, el actual sistema pol\u00edtico, que a merced del gran capital, destruye los derechos laborales, sociales, y medioambientales de la manera m\u00e1s cruel.<\/p>\n<p style=\"text-align: justify;\">La Asamblea Constituyente de <strong>IRABAZI-Ganemos Ordizia<\/strong> transcurri\u00f3 en un \u00e1mbito plural y abierto como se recoge a continuaci\u00f3n.<\/p>\n<ul style=\"text-align: justify;\">\n<li>Alrededor de quince ordiziarras y comprometidos con el pueblo tomaron parte en la misma. La presentaci\u00f3n personal dej\u00f3 a relucir claramente la pluralidad (sindicalistas, miembros de partidos pol\u00edticos, miembros de plataformas sociales, independientes e interesados en el proyecto,..) de la que gozo la asamblea y la ilusi\u00f3n con la que se inicia este proceso.<\/li>\n<li>El grupo promotor reparti\u00f3 entre los asistentes el manifiesto de <strong>IRABAZI-Ganemos Euskadi<\/strong> e hizo una breve presentaci\u00f3n de la plataforma que liderada por Ada Colau en Barcelona con Guanyem y seguida por el resto del estado en los diferentes Ganemos esta aunando fuerzas de izquierdas. Igualmente se procedi\u00f3 a destacar los principios program\u00e1ticos de <strong>IRABAZI-Ganemos Euskadi<\/strong>. Se abri\u00f3 un debate en el que se intercambiaron ideas sobre la situaci\u00f3n social actual, la necesidad real de abrir el proyecto a la ciudadan\u00eda, as\u00ed como la de aunar fuerzas con el resto de la izquierda en Ordizia.<\/li>\n<li>Los asistentes deciden constituir <strong>IRABAZI-Ganemos Ordizia<\/strong>.<\/li>\n<li>Se pasa entre los <strong>irabazikides<\/strong> una ficha para recoger la disponibilidad, los intereses y puntos fuertes de cada uno, as\u00ed como los medios para contactar con ellos.<\/li>\n<li>Se debate la metodolog\u00eda de trabajo. Debido a la naturaleza del grupo, inicialmente se descarta crear peque\u00f1as comisiones de trabajo y se decide trabajar entre todos todos los \u00e1mbitos de trabajo de la plataforma.<\/li>\n<li>Se establecen las tareas a realizar en las pr\u00f3ximas semanas hasta la siguiente asamblea:\n<ul>\n<li>Redactar y publicar una nota de prensa en la que se recoja la constituci\u00f3n de <strong>IRABAZI-Ganemos Ordizia<\/strong>. En dicha nota se ha de recoger la informaci\u00f3n acerca de <strong>IRABAZI-Ganemos Ordizia<\/strong> y la necesidad de conformar un frente con el resto de fuerzas transformadoras, especialmente con Podemos-AhalDugu.<\/li>\n<li>Carlos se encarga de redactarla, Diego traducirla al euskara y Mari Jose difundirla a los medios de comunicaci\u00f3n<\/li>\n<li>Crear pagina Facebook y pagina web de <strong>IRABAZI-Ganemos Ordizia <\/strong>con el fin de darle un soporte a la plataforma y transparencia a todo el proceso.<\/li>\n<\/ul>\n<\/li>\n<\/ul>\n<ul>\n<li style=\"text-align: justify;\">Se decide convocar una nueva reuni\u00f3n para el d\u00eda veintis\u00e9is de febrero en el Palacio Barrena de Ordizia a las 19:00.\u00a0Mari Jose se encarga de reservar la sala.<\/li>\n<\/ul>\n","protected":false},"excerpt":{"rendered":"<p>El once de febrero de 2015 se llev\u00f3 a cabo en el Palacio Barrena de Ordizia, la constituci\u00f3n mediante asamblea de la plataforma social y pol\u00edtica IRABAZI-Ganemos Ordizia con el fin de aunar las fuerzas de izquierda alternativa en Ordizia. Dicho proceso se engloba dentro del movimiento que a nivel estatal, en Ganemos, y a [&hellip;]<\/p>\n","protected":false},"author":1,"featured_media":0,"comment_status":"open","ping_status":"closed","sticky":false,"template":"","format":"standard","meta":{"_et_pb_use_builder":"","_et_pb_old_content":"","_et_gb_content_width":"","jetpack_post_was_ever_published":false,"_jetpack_newsletter_access":"","_jetpack_dont_email_post_to_subs":false,"_jetpack_newsletter_tier_id":0,"_jetpack_memberships_contains_paywalled_content":false,"_jetpack_memberships_contains_paid_content":false,"footnotes":"","jetpack_publicize_message":"","jetpack_publicize_feature_enabled":true,"jetpack_social_post_already_shared":true,"jetpack_social_options":{"image_generator_settings":{"template":"highway","default_image_id":0,"font":"","enabled":false},"version":2}},"categories":[1],"tags":[],"class_list":["post-37","post","type-post","status-publish","format-standard","hentry","category-ordizia"],"aioseo_notices":[],"jetpack_publicize_connections":[],"jetpack_featured_media_url":"","jetpack_sharing_enabled":true,"jetpack_shortlink":"https:\/\/wp.me\/p5KinQ-B","jetpack_likes_enabled":false,"jetpack-related-posts":[],"_links":{"self":[{"href":"https:\/\/ordizia.net\/eu\/wp-json\/wp\/v2\/posts\/37","targetHints":{"allow":["GET"]}}],"collection":[{"href":"https:\/\/ordizia.net\/eu\/wp-json\/wp\/v2\/posts"}],"about":[{"href":"https:\/\/ordizia.net\/eu\/wp-json\/wp\/v2\/types\/post"}],"author":[{"embeddable":true,"href":"https:\/\/ordizia.net\/eu\/wp-json\/wp\/v2\/users\/1"}],"replies":[{"embeddable":true,"href":"https:\/\/ordizia.net\/eu\/wp-json\/wp\/v2\/comments?post=37"}],"version-history":[{"count":1,"href":"https:\/\/ordizia.net\/eu\/wp-json\/wp\/v2\/posts\/37\/revisions"}],"predecessor-version":[{"id":38,"href":"https:\/\/ordizia.net\/eu\/wp-json\/wp\/v2\/posts\/37\/revisions\/38"}],"wp:attachment":[{"href":"https:\/\/ordizia.net\/eu\/wp-json\/wp\/v2\/media?parent=37"}],"wp:term":[{"taxonomy":"category","embeddable":true,"href":"https:\/\/ordizia.net\/eu\/wp-json\/wp\/v2\/categories?post=37"},{"taxonomy":"post_tag","embeddable":true,"href":"https:\/\/ordizia.net\/eu\/wp-json\/wp\/v2\/tags?post=37"}],"curies":[{"name":"wp","href":"https:\/\/api.w.org\/{rel}","templated":true}]}}