{"id":12,"date":"2015-02-12T17:19:58","date_gmt":"2015-02-12T17:19:58","guid":{"rendered":"https:\/\/ordizia.net\/?p=12"},"modified":"2015-02-13T12:17:49","modified_gmt":"2015-02-13T12:17:49","slug":"constituido-irabazi-en-ordizia","status":"publish","type":"post","link":"https:\/\/ordizia.net\/eu\/constituido-irabazi-en-ordizia\/","title":{"rendered":"Constituido IRABAZI en Ordizia."},"content":{"rendered":"<h4><strong>Ha nacido IRABAZI, para UNIR y GANAR ORDIZIA.<\/strong><\/h4>\n<p style=\"text-align: justify;\">El 11 de febrero, se reunieron ciudadanos\/as ordiziarras para constituir la plataforma IRABAZI-GANEMOS incorpor\u00e1ndose al proceso de confluencia de gentes de la izquierda que quieren confrontar con la crisis econ\u00f3mica y el ataque brutal conservador contra los derechos laborales y sociales de la mayor\u00eda de la poblaci\u00f3n.<\/p>\n<p style=\"text-align: justify;\">IRABAZI es una plataforma que une a personas de un perfil comprometido con los cambios sociales, m\u00e1s all\u00e1 de las siglas u organizaciones sociales que est\u00e1n promovi\u00e9ndola, que tambi\u00e9n son un valor a tener en cuenta. Este perfil lo quieren convertir en un valor central y diferenciador de otros.<\/p>\n<p style=\"text-align: justify;\">Este impulso no es ajeno a la cercan\u00eda de las elecciones municipales y como tal, estas se convierten en la primera tarea que abordar\u00e1 IRABAZI.<\/p>\n<p style=\"text-align: justify;\">Como primeras conclusiones para reflexionar con los ordiziarras, IRABAZI considera que en Ordizia, se pueden hacer pol\u00edticas m\u00e1s sociales, mas transparentes, m\u00e1s participativas y m\u00e1s democr\u00e1ticas que las realizadas estos \u00faltimos a\u00f1os. En esa direcci\u00f3n proponen abrir un proceso en el que quien quiera participar lo haga, individual o colectivamente, para elaborar el mejor programa pol\u00edtico para los pr\u00f3ximos cuatro a\u00f1os en Ordizia.<\/p>\n<p style=\"text-align: justify;\">Dentro de esas conclusiones, consideran desde el respeto, que conviene unir m\u00e1s que separar candidaturas, por lo que aspiran a confluir con otras fuerzas que se reclaman como defensoras de la mayor\u00eda social frente a los poderosos. En particular, llaman directamente a la puerta de PODEMOS para buscar un programa pol\u00edtico que les una y desemboque en una candidatura que pueda ejecutar el mismo, porque est\u00e1n convencidos de que juntos pueden tener un resultado hist\u00f3rico en Ordizia y realmente influyente en la pol\u00edtica municipal de este pueblo, como ya se dio hace unos a\u00f1os con experiencias unitarias. Por parte de IRABAZI todo el esfuerzo en esa direcci\u00f3n.<\/p>\n<p style=\"text-align: justify;\">A otras fuerzas de la izquierda, les quieren decir que este perfil transformador sigue estando vigente, que puede aportar mucho, y m\u00e1s si se hace juntos, y si lo consideran oportuno, que est\u00e1n preparados para hacerlo.<\/p>\n<p style=\"text-align: justify;\">IRABAZI invita a los y las ordiziarras a participar de este ilusionante proyecto de sumar fuerzas para ganar la pol\u00edtica que reclama nuestro pueblo. Una pol\u00edtica basada en principios democr\u00e1ticos, participativos, feministas, trasparentes y profundamente enfrentada a los que desahucian, explotan y nos roban derechos conquistados.<\/p>\n<h4 style=\"text-align: right;\"><strong>IRABAZI-GANEMOS<\/strong><\/h4>\n<p><a href=\"https:\/\/ordizia.net\/wp-content\/uploads\/2015\/02\/Sin-t\u00edtulo1.png\"><img loading=\"lazy\" decoding=\"async\" data-attachment-id=\"35\" data-permalink=\"https:\/\/ordizia.net\/eu\/constituido-irabazi-en-ordizia\/sin-titulo1\/\" data-orig-file=\"https:\/\/ordizia.net\/wp-content\/uploads\/2015\/02\/Sin-t\u00edtulo1.png\" data-orig-size=\"908,183\" data-comments-opened=\"1\" data-image-meta=\"{&quot;aperture&quot;:&quot;0&quot;,&quot;credit&quot;:&quot;&quot;,&quot;camera&quot;:&quot;&quot;,&quot;caption&quot;:&quot;&quot;,&quot;created_timestamp&quot;:&quot;0&quot;,&quot;copyright&quot;:&quot;&quot;,&quot;focal_length&quot;:&quot;0&quot;,&quot;iso&quot;:&quot;0&quot;,&quot;shutter_speed&quot;:&quot;0&quot;,&quot;title&quot;:&quot;&quot;,&quot;orientation&quot;:&quot;0&quot;}\" data-image-title=\"Irabazi Ganemos Ordizia\" data-image-description=\"&lt;p&gt;Irabazi Ganemos Ordizia&lt;\/p&gt;\n\" data-image-caption=\"\" data-large-file=\"https:\/\/ordizia.net\/wp-content\/uploads\/2015\/02\/Sin-t\u00edtulo1.png\" class=\" size-medium wp-image-35 aligncenter\" src=\"https:\/\/ordizia.net\/wp-content\/uploads\/2015\/02\/Sin-t\u00edtulo1-300x60.png\" alt=\"Sin t\u00edtulo1\" width=\"300\" height=\"60\" srcset=\"https:\/\/ordizia.net\/wp-content\/uploads\/2015\/02\/Sin-t\u00edtulo1-300x60.png 300w, https:\/\/ordizia.net\/wp-content\/uploads\/2015\/02\/Sin-t\u00edtulo1.png 908w\" sizes=\"(max-width: 300px) 100vw, 300px\" \/><\/a><\/p>\n","protected":false},"excerpt":{"rendered":"<p>Ha nacido IRABAZI, para UNIR y GANAR ORDIZIA. El 11 de febrero, se reunieron ciudadanos\/as ordiziarras para constituir la plataforma IRABAZI-GANEMOS incorpor\u00e1ndose al proceso de confluencia de gentes de la izquierda que quieren confrontar con la crisis econ\u00f3mica y el ataque brutal conservador contra los derechos laborales y sociales de la mayor\u00eda de la poblaci\u00f3n. [&hellip;]<\/p>\n","protected":false},"author":1,"featured_media":0,"comment_status":"open","ping_status":"closed","sticky":false,"template":"","format":"standard","meta":{"_et_pb_use_builder":"","_et_pb_old_content":"","_et_gb_content_width":"","jetpack_post_was_ever_published":false,"_jetpack_newsletter_access":"","_jetpack_dont_email_post_to_subs":false,"_jetpack_newsletter_tier_id":0,"_jetpack_memberships_contains_paywalled_content":false,"_jetpack_memberships_contains_paid_content":false,"footnotes":"","jetpack_publicize_message":"","jetpack_publicize_feature_enabled":true,"jetpack_social_post_already_shared":false,"jetpack_social_options":{"image_generator_settings":{"template":"highway","default_image_id":0,"font":"","enabled":false},"version":2}},"categories":[1],"tags":[],"class_list":["post-12","post","type-post","status-publish","format-standard","hentry","category-ordizia"],"aioseo_notices":[],"jetpack_publicize_connections":[],"jetpack_featured_media_url":"","jetpack_sharing_enabled":true,"jetpack_shortlink":"https:\/\/wp.me\/p5KinQ-c","jetpack_likes_enabled":false,"jetpack-related-posts":[],"_links":{"self":[{"href":"https:\/\/ordizia.net\/eu\/wp-json\/wp\/v2\/posts\/12","targetHints":{"allow":["GET"]}}],"collection":[{"href":"https:\/\/ordizia.net\/eu\/wp-json\/wp\/v2\/posts"}],"about":[{"href":"https:\/\/ordizia.net\/eu\/wp-json\/wp\/v2\/types\/post"}],"author":[{"embeddable":true,"href":"https:\/\/ordizia.net\/eu\/wp-json\/wp\/v2\/users\/1"}],"replies":[{"embeddable":true,"href":"https:\/\/ordizia.net\/eu\/wp-json\/wp\/v2\/comments?post=12"}],"version-history":[{"count":5,"href":"https:\/\/ordizia.net\/eu\/wp-json\/wp\/v2\/posts\/12\/revisions"}],"predecessor-version":[{"id":36,"href":"https:\/\/ordizia.net\/eu\/wp-json\/wp\/v2\/posts\/12\/revisions\/36"}],"wp:attachment":[{"href":"https:\/\/ordizia.net\/eu\/wp-json\/wp\/v2\/media?parent=12"}],"wp:term":[{"taxonomy":"category","embeddable":true,"href":"https:\/\/ordizia.net\/eu\/wp-json\/wp\/v2\/categories?post=12"},{"taxonomy":"post_tag","embeddable":true,"href":"https:\/\/ordizia.net\/eu\/wp-json\/wp\/v2\/tags?post=12"}],"curies":[{"name":"wp","href":"https:\/\/api.w.org\/{rel}","templated":true}]}}